{"id":3375,"date":"2025-08-24T10:56:48","date_gmt":"2025-08-24T10:56:48","guid":{"rendered":"https:\/\/bigshh.ee\/uncategorized\/kivi-residentsid-tartus\/"},"modified":"2025-08-24T10:56:48","modified_gmt":"2025-08-24T10:56:48","slug":"kivi-residentsid-tartus","status":"publish","type":"post","link":"https:\/\/bigshh.ee\/en\/news\/kivi-residentsid-tartus\/","title":{"rendered":"Rajame Tartusse eksklusiivse kortermaja \u2013 Kivi Residentsid"},"content":{"rendered":"<p>Sel s\u00fcgisel alustame koos meie t\u00fctarfirmaga Kivi Residentsid O\u00dc ehitust\u00f6\u00f6dega Tartus. Kevadel\/suvel valmib unikaalne kortermaja <a href=\"https:\/\/kiviresidentsid.bigshh.ee\">Kivi Residentsid<\/a> \u2013 <strong>kaasaegne\u00a0ja tulevikukindel kortermaja\u00a0<\/strong>aadressil <strong>Kivi 67a ja<\/strong> <strong>71a<\/strong>. Kortermaja asub s\u00fcdalinnast vaid kiviviske kaugusel Raatuse piirkonnas.<\/p>\n<p>Loe pikemalt Postimehest: <a href=\"https:\/\/kodu.postimees.ee\/8305669\/kivi-residentsid-tartusse-rajatakse-eriti-eksklusiivne-kortermaja\">https:\/\/kodu.postimees.ee\/8305669\/kivi-residentsid-tartusse-rajatakse-eriti-eksklusiivne-kortermaja<\/a><\/p>\n<p><img decoding=\"async\" class=\"alignnone size-medium wp-image-3222 aligncenter\" src=\"https:\/\/bigshh.ee\/wp-content\/uploads\/2025\/06\/Bigs-H-H-OU_Final_v8-300x169.jpg\" alt=\"\" width=\"300\" height=\"169\" srcset=\"https:\/\/bigshh.ee\/wp-content\/uploads\/2025\/06\/Bigs-H-H-OU_Final_v8-200x112.jpg 200w, https:\/\/bigshh.ee\/wp-content\/uploads\/2025\/06\/Bigs-H-H-OU_Final_v8-300x169.jpg 300w, https:\/\/bigshh.ee\/wp-content\/uploads\/2025\/06\/Bigs-H-H-OU_Final_v8-400x225.jpg 400w, https:\/\/bigshh.ee\/wp-content\/uploads\/2025\/06\/Bigs-H-H-OU_Final_v8-600x337.jpg 600w, https:\/\/bigshh.ee\/wp-content\/uploads\/2025\/06\/Bigs-H-H-OU_Final_v8-768x432.jpg 768w, https:\/\/bigshh.ee\/wp-content\/uploads\/2025\/06\/Bigs-H-H-OU_Final_v8-800x450.jpg 800w, https:\/\/bigshh.ee\/wp-content\/uploads\/2025\/06\/Bigs-H-H-OU_Final_v8-1024x576.jpg 1024w, https:\/\/bigshh.ee\/wp-content\/uploads\/2025\/06\/Bigs-H-H-OU_Final_v8-1200x675.jpg 1200w, https:\/\/bigshh.ee\/wp-content\/uploads\/2025\/06\/Bigs-H-H-OU_Final_v8-1536x864.jpg 1536w\" sizes=\"(max-width: 300px) 100vw, 300px\" \/><\/p>\n","protected":false},"excerpt":{"rendered":"<p>Sel s\u00fcgisel alustame koos meie t\u00fctarfirmaga Kivi Residentsid O\u00dc ehitust\u00f6\u00f6dega <a href=\"https:\/\/bigshh.ee\/en\/news\/kivi-residentsid-tartus\/\"> [&#8230;]<\/a><\/p>\n","protected":false},"author":2,"featured_media":3376,"comment_status":"closed","ping_status":"closed","sticky":false,"template":"","format":"standard","meta":{"_acf_changed":false,"inline_featured_image":false,"footnotes":""},"categories":[36],"tags":[],"class_list":["post-3375","post","type-post","status-publish","format-standard","has-post-thumbnail","hentry","category-news"],"acf":[],"aioseo_notices":[],"_links":{"self":[{"href":"https:\/\/bigshh.ee\/en\/wp-json\/wp\/v2\/posts\/3375","targetHints":{"allow":["GET"]}}],"collection":[{"href":"https:\/\/bigshh.ee\/en\/wp-json\/wp\/v2\/posts"}],"about":[{"href":"https:\/\/bigshh.ee\/en\/wp-json\/wp\/v2\/types\/post"}],"author":[{"embeddable":true,"href":"https:\/\/bigshh.ee\/en\/wp-json\/wp\/v2\/users\/2"}],"replies":[{"embeddable":true,"href":"https:\/\/bigshh.ee\/en\/wp-json\/wp\/v2\/comments?post=3375"}],"version-history":[{"count":0,"href":"https:\/\/bigshh.ee\/en\/wp-json\/wp\/v2\/posts\/3375\/revisions"}],"wp:featuredmedia":[{"embeddable":true,"href":"https:\/\/bigshh.ee\/en\/wp-json\/wp\/v2\/media\/3376"}],"wp:attachment":[{"href":"https:\/\/bigshh.ee\/en\/wp-json\/wp\/v2\/media?parent=3375"}],"wp:term":[{"taxonomy":"category","embeddable":true,"href":"https:\/\/bigshh.ee\/en\/wp-json\/wp\/v2\/categories?post=3375"},{"taxonomy":"post_tag","embeddable":true,"href":"https:\/\/bigshh.ee\/en\/wp-json\/wp\/v2\/tags?post=3375"}],"curies":[{"name":"wp","href":"https:\/\/api.w.org\/{rel}","templated":true}]}}